{"id":13060,"date":"2020-12-05T09:59:00","date_gmt":"2020-12-05T08:59:00","guid":{"rendered":"https:\/\/www.salve.si\/?p=13060"},"modified":"2020-11-24T10:01:08","modified_gmt":"2020-11-24T09:01:08","slug":"2-adventna-nedelja","status":"publish","type":"post","link":"https:\/\/www.salve.si\/en\/nedeljska-meditacija\/2-adventna-nedelja\/","title":{"rendered":"2. adventna nedelja"},"content":{"rendered":"<p><strong>Glejte, Gospod Bog prihaja z mo\u010djo<\/strong><\/p><p>Vsi se zavedamo, da je \u017eivljenje te\u017eko in nikoli ne vemo, ali smo dobro pripravljeni na vse izzive, ki nas \u010dakajo na na\u0161i poti. Star\u0161i se spra\u0161ujejo, ali bodo dovolj dobro pripravili svoje otroke na boj, ki jih \u010daka, kajti v svetu, ki se spreminja z astronomsko naglico, ni dovolj, da kon\u010da\u0161 dolo\u010deno izobra\u017eevanje, ker morda sploh ve\u010d ne bo potrebe za tvoj profil izobrazbe. Osebno menim, da je tak na\u010din razmi\u0161ljanja le polovi\u010den: res je dobro, da poskrbimo za svoje pre\u017eivetje, toda to mora biti v ospredju v \u010dasu prvega dela priprave na \u017eivljenje, ki je povezan s \u010dlovekovim optimisti\u010dnim iskanjem svojega mesta v dru\u017ebi. To je \u010das, ko se \u017eeli\u0161 izkazati, ko se vzpenja\u0161 in se trudi\u0161, da bi bil med tistimi, ki jim je uspelo priti na vrh. Ko si na vrhu, pa te \u010daka \u0161e spust z gore dose\u017ekov in poklicne kariere. Ta \u010das pa je povezan z izgubljanjem, s pojemanjem mo\u010di, ko si marsikdo ne prizna, da je treba odstopiti mesto mlaj\u0161emu. In kaj se bo sedaj zrinilo na mesto, ki je bilo posve\u010deno karieri in uspehom? V na\u0161e \u017eivljenje mora vstopiti nekdo drug in treba mu pripraviti prostor. Prerok Izaija nam danes govori takole: \u00bbV pu\u0161\u010davi pripravite pot Gospodu, zravnajte v pustinji cesto na\u0161emu Bogu! Razodelo se bo Gospodovo veli\u010dastvo in videlo ga bo naenkrat vse \u010dlove\u0161tvo.\u00ab<\/p><p>Ko si ugotovil, da tvoje mo\u010di pojenjajo, da nisi ve\u010d tako \u010dil in zdrav kot si bil pri \u0161tiridesetih, je treba dati prednost neki drugi mo\u010di, ki ni odvisna od tebe, ki ti je bila \u017ee davno podarjena, a je nisi opazil: to je Bo\u017eja mo\u010d in Stvarnikov na\u010drt, ki ga ima s teboj. Na sestopu z vrha je treba ra\u010dunati s tistim, ki ti je stal ob strani, ko si zmagoval in postajal vedno bolj uspe\u0161en. Sedaj pa je nastopil \u010das, da svoj uspeh in modrost, ki si jo dosegel, za\u010dne\u0161 deliti s tistimi, ki te bodo izrinili in so prepri\u010dani, da je tvoje slave konec, ker morajo stopiti v ospredje bolj zagnani in neizprosni. Tako razmi\u0161lja vsakdo, ki za\u010denja in je prepri\u010dan, da so uspe\u0161ni le najdrznej\u0161i in najbolj kruti. Spomniti se je treba, kako smo sami za\u010denjali, ko smo enako razmi\u0161ljali in \u017eiveli v utvari, da smo vsemogo\u010dni. Resnica pa je popolnoma druga\u010dna: na\u0161i uspehi so bili navidezni in preve\u010d nepredvidljivi, dokler nismo \u0161li v globino, kjer smo se sre\u010dali s svojo sen\u010dno platjo, si priznali resnico o svojih mejah in se sre\u010dali z Bogom. To sre\u010danje je usodno za vsakogar, kajti pravo sre\u010danje z Bogom \u010dloveka zares spremeni in mu odpre novo potovanje in zadovoljen sestop z vrha. Naenkrat kariera ni ve\u010d pomembna, kajti pomembnej\u0161e je to, kaj si kot \u010dlovek in kako uresni\u010duje\u0161 svoj poklic po\u0161tenega dr\u017eavljana in dobrega kristjana. Prav adventni \u010das je lepa prilo\u017enost, da se odpravimo na to novo potovanje.<\/p><p><strong>\u017dupnik Branko Bala\u017eic, SDB<\/strong><\/p><span class=\"slv-content-keywords\"> Adventni \u010das Leto B Nedeljska meditacija <\/span>","protected":false},"excerpt":{"rendered":"<p>Glejte, Gospod Bog prihaja z mo\u010djo Vsi se zavedamo, da je \u017eivljenje te\u017eko in nikoli ne vemo, ali smo dobro pripravljeni na vse izzive, ki nas \u010dakajo na na\u0161i poti. Star\u0161i se spra\u0161ujejo, ali bodo dovolj dobro pripravili svoje otroke na boj, ki jih \u010daka, kajti v svetu, ki se spreminja z astronomsko naglico, ni<a href=\"https:\/\/www.salve.si\/en\/nedeljska-meditacija\/2-adventna-nedelja\/\">&#8230;<\/a><\/p>","protected":false},"author":1561,"featured_media":0,"comment_status":"closed","ping_status":"open","sticky":false,"template":"","format":"standard","meta":{"_acf_changed":false,"footnotes":""},"categories":[656,1035,925],"tags":[],"class_list":["post-13060","post","type-post","status-publish","format-standard","hentry","category-adventni-cas","category-leto-b","category-nedeljska-meditacija"],"acf":[],"yoast_head":"<!-- This site is optimized with the Yoast SEO plugin v23.8 - https:\/\/yoast.com\/wordpress\/plugins\/seo\/ -->\n<title>2. adventna nedelja - Salve<\/title>\n<meta name=\"robots\" content=\"noindex, follow\" \/>\n<meta property=\"og:locale\" content=\"en_US\" \/>\n<meta property=\"og:type\" content=\"article\" \/>\n<meta property=\"og:title\" content=\"2. adventna nedelja - Salve\" \/>\n<meta property=\"og:description\" content=\"Glejte, Gospod Bog prihaja z mo\u010djo Vsi se zavedamo, da je \u017eivljenje te\u017eko in nikoli ne vemo, ali smo dobro pripravljeni na vse izzive, ki nas \u010dakajo na na\u0161i poti. Star\u0161i se spra\u0161ujejo, ali bodo dovolj dobro pripravili svoje otroke na boj, ki jih \u010daka, kajti v svetu, ki se spreminja z astronomsko naglico, ni...\" \/>\n<meta property=\"og:url\" content=\"https:\/\/www.salve.si\/en\/nedeljska-meditacija\/2-adventna-nedelja\/\" \/>\n<meta property=\"og:site_name\" content=\"Salve\" \/>\n<meta property=\"article:publisher\" content=\"https:\/\/www.facebook.com\/salve.si\" \/>\n<meta property=\"article:published_time\" content=\"2020-12-05T08:59:00+00:00\" \/>\n<meta property=\"article:modified_time\" content=\"2020-11-24T09:01:08+00:00\" \/>\n<meta property=\"og:image\" content=\"https:\/\/www.salve.si\/wp-content\/uploads\/2026\/01\/salve-og1.jpg\" \/>\n\t<meta property=\"og:image:width\" content=\"1200\" \/>\n\t<meta property=\"og:image:height\" content=\"630\" \/>\n\t<meta property=\"og:image:type\" content=\"image\/jpeg\" \/>\n<meta name=\"author\" content=\"Andrej Baliga\u010d\" \/>\n<meta name=\"twitter:card\" content=\"summary_large_image\" \/>\n<meta name=\"twitter:label1\" content=\"Written by\" \/>\n\t<meta name=\"twitter:data1\" content=\"Andrej Baliga\u010d\" \/>\n\t<meta name=\"twitter:label2\" content=\"Est. reading time\" \/>\n\t<meta name=\"twitter:data2\" content=\"3 minutes\" \/>\n<script type=\"application\/ld+json\" class=\"yoast-schema-graph\">{\"@context\":\"https:\/\/schema.org\",\"@graph\":[{\"@type\":\"Article\",\"@id\":\"https:\/\/www.salve.si\/nedeljska-meditacija\/2-adventna-nedelja\/#article\",\"isPartOf\":{\"@id\":\"https:\/\/www.salve.si\/nedeljska-meditacija\/2-adventna-nedelja\/\"},\"author\":{\"name\":\"Andrej Baliga\u010d\",\"@id\":\"https:\/\/www.salve.si\/#\/schema\/person\/61121950f92f07895dc7ea08dc78ba82\"},\"headline\":\"2. adventna nedelja\",\"datePublished\":\"2020-12-05T08:59:00+00:00\",\"dateModified\":\"2020-11-24T09:01:08+00:00\",\"mainEntityOfPage\":{\"@id\":\"https:\/\/www.salve.si\/nedeljska-meditacija\/2-adventna-nedelja\/\"},\"wordCount\":541,\"publisher\":{\"@id\":\"https:\/\/www.salve.si\/#organization\"},\"articleSection\":[\"Adventni \u010das\",\"Leto B\",\"Nedeljska meditacija\"],\"inLanguage\":\"en-US\"},{\"@type\":\"WebPage\",\"@id\":\"https:\/\/www.salve.si\/nedeljska-meditacija\/2-adventna-nedelja\/\",\"url\":\"https:\/\/www.salve.si\/nedeljska-meditacija\/2-adventna-nedelja\/\",\"name\":\"2. adventna nedelja - Salve\",\"isPartOf\":{\"@id\":\"https:\/\/www.salve.si\/#website\"},\"datePublished\":\"2020-12-05T08:59:00+00:00\",\"dateModified\":\"2020-11-24T09:01:08+00:00\",\"breadcrumb\":{\"@id\":\"https:\/\/www.salve.si\/nedeljska-meditacija\/2-adventna-nedelja\/#breadcrumb\"},\"inLanguage\":\"en-US\",\"potentialAction\":[{\"@type\":\"ReadAction\",\"target\":[\"https:\/\/www.salve.si\/nedeljska-meditacija\/2-adventna-nedelja\/\"]}]},{\"@type\":\"BreadcrumbList\",\"@id\":\"https:\/\/www.salve.si\/nedeljska-meditacija\/2-adventna-nedelja\/#breadcrumb\",\"itemListElement\":[{\"@type\":\"ListItem\",\"position\":1,\"name\":\"Home\",\"item\":\"https:\/\/www.salve.si\/\"},{\"@type\":\"ListItem\",\"position\":2,\"name\":\"2. adventna nedelja\"}]},{\"@type\":\"WebSite\",\"@id\":\"https:\/\/www.salve.si\/#website\",\"url\":\"https:\/\/www.salve.si\/\",\"name\":\"Salve\",\"description\":\"Salezijanska zalo\u017eba\",\"publisher\":{\"@id\":\"https:\/\/www.salve.si\/#organization\"},\"potentialAction\":[{\"@type\":\"SearchAction\",\"target\":{\"@type\":\"EntryPoint\",\"urlTemplate\":\"https:\/\/www.salve.si\/?s={search_term_string}\"},\"query-input\":{\"@type\":\"PropertyValueSpecification\",\"valueRequired\":true,\"valueName\":\"search_term_string\"}}],\"inLanguage\":\"en-US\"},{\"@type\":\"Organization\",\"@id\":\"https:\/\/www.salve.si\/#organization\",\"name\":\"Salve d.o.o.\",\"url\":\"https:\/\/www.salve.si\/\",\"logo\":{\"@type\":\"ImageObject\",\"inLanguage\":\"en-US\",\"@id\":\"https:\/\/www.salve.si\/#\/schema\/logo\/image\/\",\"url\":\"https:\/\/www.salve.si\/wp-content\/uploads\/2021\/01\/Salve_logo_modri_nov_web.png\",\"contentUrl\":\"https:\/\/www.salve.si\/wp-content\/uploads\/2021\/01\/Salve_logo_modri_nov_web.png\",\"width\":279,\"height\":90,\"caption\":\"Salve d.o.o.\"},\"image\":{\"@id\":\"https:\/\/www.salve.si\/#\/schema\/logo\/image\/\"},\"sameAs\":[\"https:\/\/www.facebook.com\/salve.si\",\"https:\/\/www.instagram.com\/zalozbasalve\/\",\"https:\/\/www.linkedin.com\/company\/zalozba-salve\/\"]},{\"@type\":\"Person\",\"@id\":\"https:\/\/www.salve.si\/#\/schema\/person\/61121950f92f07895dc7ea08dc78ba82\",\"name\":\"Andrej Baliga\u010d\",\"sameAs\":[\"https:\/\/www.salve.si\"]}]}<\/script>\n<!-- \/ Yoast SEO plugin. -->","yoast_head_json":{"title":"2. adventna nedelja - Salve","robots":{"index":"noindex","follow":"follow"},"og_locale":"en_US","og_type":"article","og_title":"2. adventna nedelja - Salve","og_description":"Glejte, Gospod Bog prihaja z mo\u010djo Vsi se zavedamo, da je \u017eivljenje te\u017eko in nikoli ne vemo, ali smo dobro pripravljeni na vse izzive, ki nas \u010dakajo na na\u0161i poti. Star\u0161i se spra\u0161ujejo, ali bodo dovolj dobro pripravili svoje otroke na boj, ki jih \u010daka, kajti v svetu, ki se spreminja z astronomsko naglico, ni...","og_url":"https:\/\/www.salve.si\/en\/nedeljska-meditacija\/2-adventna-nedelja\/","og_site_name":"Salve","article_publisher":"https:\/\/www.facebook.com\/salve.si","article_published_time":"2020-12-05T08:59:00+00:00","article_modified_time":"2020-11-24T09:01:08+00:00","og_image":[{"width":1200,"height":630,"url":"https:\/\/www.salve.si\/wp-content\/uploads\/2026\/01\/salve-og1.jpg","type":"image\/jpeg"}],"author":"Andrej Baliga\u010d","twitter_card":"summary_large_image","twitter_misc":{"Written by":"Andrej Baliga\u010d","Est. reading time":"3 minutes"},"schema":{"@context":"https:\/\/schema.org","@graph":[{"@type":"Article","@id":"https:\/\/www.salve.si\/nedeljska-meditacija\/2-adventna-nedelja\/#article","isPartOf":{"@id":"https:\/\/www.salve.si\/nedeljska-meditacija\/2-adventna-nedelja\/"},"author":{"name":"Andrej Baliga\u010d","@id":"https:\/\/www.salve.si\/#\/schema\/person\/61121950f92f07895dc7ea08dc78ba82"},"headline":"2. adventna nedelja","datePublished":"2020-12-05T08:59:00+00:00","dateModified":"2020-11-24T09:01:08+00:00","mainEntityOfPage":{"@id":"https:\/\/www.salve.si\/nedeljska-meditacija\/2-adventna-nedelja\/"},"wordCount":541,"publisher":{"@id":"https:\/\/www.salve.si\/#organization"},"articleSection":["Adventni \u010das","Leto B","Nedeljska meditacija"],"inLanguage":"en-US"},{"@type":"WebPage","@id":"https:\/\/www.salve.si\/nedeljska-meditacija\/2-adventna-nedelja\/","url":"https:\/\/www.salve.si\/nedeljska-meditacija\/2-adventna-nedelja\/","name":"2. adventna nedelja - Salve","isPartOf":{"@id":"https:\/\/www.salve.si\/#website"},"datePublished":"2020-12-05T08:59:00+00:00","dateModified":"2020-11-24T09:01:08+00:00","breadcrumb":{"@id":"https:\/\/www.salve.si\/nedeljska-meditacija\/2-adventna-nedelja\/#breadcrumb"},"inLanguage":"en-US","potentialAction":[{"@type":"ReadAction","target":["https:\/\/www.salve.si\/nedeljska-meditacija\/2-adventna-nedelja\/"]}]},{"@type":"BreadcrumbList","@id":"https:\/\/www.salve.si\/nedeljska-meditacija\/2-adventna-nedelja\/#breadcrumb","itemListElement":[{"@type":"ListItem","position":1,"name":"Home","item":"https:\/\/www.salve.si\/"},{"@type":"ListItem","position":2,"name":"2. adventna nedelja"}]},{"@type":"WebSite","@id":"https:\/\/www.salve.si\/#website","url":"https:\/\/www.salve.si\/","name":"Salve","description":"Salezijanska zalo\u017eba","publisher":{"@id":"https:\/\/www.salve.si\/#organization"},"potentialAction":[{"@type":"SearchAction","target":{"@type":"EntryPoint","urlTemplate":"https:\/\/www.salve.si\/?s={search_term_string}"},"query-input":{"@type":"PropertyValueSpecification","valueRequired":true,"valueName":"search_term_string"}}],"inLanguage":"en-US"},{"@type":"Organization","@id":"https:\/\/www.salve.si\/#organization","name":"Salve d.o.o.","url":"https:\/\/www.salve.si\/","logo":{"@type":"ImageObject","inLanguage":"en-US","@id":"https:\/\/www.salve.si\/#\/schema\/logo\/image\/","url":"https:\/\/www.salve.si\/wp-content\/uploads\/2021\/01\/Salve_logo_modri_nov_web.png","contentUrl":"https:\/\/www.salve.si\/wp-content\/uploads\/2021\/01\/Salve_logo_modri_nov_web.png","width":279,"height":90,"caption":"Salve d.o.o."},"image":{"@id":"https:\/\/www.salve.si\/#\/schema\/logo\/image\/"},"sameAs":["https:\/\/www.facebook.com\/salve.si","https:\/\/www.instagram.com\/zalozbasalve\/","https:\/\/www.linkedin.com\/company\/zalozba-salve\/"]},{"@type":"Person","@id":"https:\/\/www.salve.si\/#\/schema\/person\/61121950f92f07895dc7ea08dc78ba82","name":"Andrej Baliga\u010d","sameAs":["https:\/\/www.salve.si"]}]}},"_links":{"self":[{"href":"https:\/\/www.salve.si\/en\/wp-json\/wp\/v2\/posts\/13060","targetHints":{"allow":["GET"]}}],"collection":[{"href":"https:\/\/www.salve.si\/en\/wp-json\/wp\/v2\/posts"}],"about":[{"href":"https:\/\/www.salve.si\/en\/wp-json\/wp\/v2\/types\/post"}],"author":[{"embeddable":true,"href":"https:\/\/www.salve.si\/en\/wp-json\/wp\/v2\/users\/1561"}],"replies":[{"embeddable":true,"href":"https:\/\/www.salve.si\/en\/wp-json\/wp\/v2\/comments?post=13060"}],"version-history":[{"count":2,"href":"https:\/\/www.salve.si\/en\/wp-json\/wp\/v2\/posts\/13060\/revisions"}],"predecessor-version":[{"id":13062,"href":"https:\/\/www.salve.si\/en\/wp-json\/wp\/v2\/posts\/13060\/revisions\/13062"}],"wp:attachment":[{"href":"https:\/\/www.salve.si\/en\/wp-json\/wp\/v2\/media?parent=13060"}],"wp:term":[{"taxonomy":"category","embeddable":true,"href":"https:\/\/www.salve.si\/en\/wp-json\/wp\/v2\/categories?post=13060"},{"taxonomy":"post_tag","embeddable":true,"href":"https:\/\/www.salve.si\/en\/wp-json\/wp\/v2\/tags?post=13060"}],"curies":[{"name":"wp","href":"https:\/\/api.w.org\/{rel}","templated":true}]}}