{"id":13054,"date":"2020-11-28T09:51:00","date_gmt":"2020-11-28T08:51:00","guid":{"rendered":"https:\/\/www.salve.si\/?p=13054"},"modified":"2020-11-24T09:58:28","modified_gmt":"2020-11-24T08:58:28","slug":"1-adventna-nedelja","status":"publish","type":"post","link":"https:\/\/www.salve.si\/en\/nedeljska-meditacija\/1-adventna-nedelja\/","title":{"rendered":"1.\tadventna nedelja"},"content":{"rendered":"<p><strong>Gospod, ti si na\u0161 O\u010de, vsi smo delo tvojih rok<\/strong><\/p><p>\u017divimo v digitalnem svetu, v katerem bo umetna inteligenca postala na\u010din razmi\u0161ljanja in vodenja sodobne dru\u017ebe. Vse bo pod nadzorom in posameznik bo samo eden od zaznamkov znotraj vsemogo\u010dnega sistema. To, kar smo do sedaj pripisovali Bogu, ki smo ga spo\u0161tovali in sku\u0161ali \u017eiveti po njegovi zakonodaji, bo prevzelo novo bo\u017eanstvo, ki ne bo ve\u010d oseba, temve\u010d brezosebni sistem popolnega nadzora. Pustili si bomo vzeti svobodo in o svojem \u017eivljenju ne bomo ve\u010d odlo\u010dali mi, temve\u010d sistem, ki je brez du\u0161e in \u010dustev. Vse se bo dogajalo po strogih pravilih, kjer so\u010dutje, odpu\u0161\u010danje, usmiljenje, in vzgibi srca, ne bodo imeli svojega mesta. Ali bodo tak\u0161ne okoli\u0161\u010dine \u0161e vredne \u010dlove\u0161kega dostojanstva? Upam, da vam s svojimi trditvami ne jemljem volje do \u017eivljenja. Vendar se ne smemo sprenevedati, da se v ozadju ne skriva tak na\u010drt, za katerega upam, da se ne bo uresni\u010dil. Bog, v katerega zaupamo, tega ne bo dovolil.<\/p><p>Advent nam v ospredje postavlja kneza miru, po katerem hrepeni \u010dlove\u0161tvo ves \u010das od izgona Adama in Eve iz raja. Prerok Izaija je ve\u010d kot petsto let pred Kristusovim rojstvom zapisal: \u00bbTi, Gospod, si na\u0161 o\u010de, na\u0161 Odkupitelj iz davnine ti je ime. Zakaj si dopustil, Gospod, da smo za\u0161li s tvojih poti, zakaj si nam zakrknil srce, da se te ne bojimo? Vrni se zaradi svojih slu\u017eabnikov, zaradi rodov, ki so tvoja dedi\u0161\u010dina.\u00ab<\/p><p>V dobi vsemogo\u010dnih tehnologij, ki postajajo novo bo\u017eanstvo, je klic k Bogu enak, kot je bil v Izaijevem \u010dasu: \u00bbZakaj, Gospod, si dopustil, da smo za\u0161li? Zakaj si zakrknil na\u0161a srca, da ve\u010d ne vemo, od kod prihajamo in kam se vra\u010damo? Si pozabil na nas?\u00ab Tako zdihujejo mnogi, a njihovo razmi\u0161ljanje je zgre\u0161eno: Bog je \u0161e vedno tak kot je bil zmeraj. Njegova ljubezen se ni ohladila. Razlog, da je Bog utihnil je zelo preprost: be\u017eimo od njega in marsikdo \u017eivi v la\u017enem prepri\u010danju, da lahko s tehnologijo, ki jo je ustvaril, premaga samega Boga.<\/p><p>Re\u0161itev za \u00bbizgubljene\u00ab \u0161e vedno obstaja: Bog nas tudi letos v pripravi na bo\u017ei\u010d vabi z besedami preroka Izaija: \u00bbGospod, ti si na\u0161 O\u010de! Mi smo glina, ti si na\u0161 upodabljavec, vsi smo delo tvojih rok.\u00ab Epidemija korona virusa je opomin, da pridemo k sebi in se zavemo, da je z nami nekaj narobe in bo treba razmi\u0161ljati in delati druga\u010de, \u010de se ho\u010demo re\u0161iti. Postati moramo glina, ki jo Bog lahko oblikuje. Advent je lepa prilo\u017enost, da poni\u017eno priznamo, kdo smo in kako \u017eivimo. Ko bomo sprejeli tudi svojo sen\u010dno stran, bomo pripravljeni stopiti pred jaslice in zapeti: \u00bbSlava Bogu na vi\u0161avah in na zemlji mir ljudem, ki so Bogu po volji!\u00ab<\/p><p><strong>\u017dupnik Branko Bala\u017eic, SDB<\/strong><\/p><p><\/p>\n<p><\/p><span class=\"slv-content-keywords\"> Adventni \u010das Leto B Nedeljska meditacija <\/span>","protected":false},"excerpt":{"rendered":"<p>Gospod, ti si na\u0161 O\u010de, vsi smo delo tvojih rok \u017divimo v digitalnem svetu, v katerem bo umetna inteligenca postala na\u010din razmi\u0161ljanja in vodenja sodobne dru\u017ebe. Vse bo pod nadzorom in posameznik bo samo eden od zaznamkov znotraj vsemogo\u010dnega sistema. To, kar smo do sedaj pripisovali Bogu, ki smo ga spo\u0161tovali in sku\u0161ali \u017eiveti po<a href=\"https:\/\/www.salve.si\/en\/nedeljska-meditacija\/1-adventna-nedelja\/\">&#8230;<\/a><\/p>","protected":false},"author":1561,"featured_media":0,"comment_status":"closed","ping_status":"open","sticky":false,"template":"","format":"standard","meta":{"_acf_changed":false,"footnotes":""},"categories":[656,1035,925],"tags":[],"class_list":["post-13054","post","type-post","status-publish","format-standard","hentry","category-adventni-cas","category-leto-b","category-nedeljska-meditacija"],"acf":[],"yoast_head":"<!-- This site is optimized with the Yoast SEO plugin v23.8 - https:\/\/yoast.com\/wordpress\/plugins\/seo\/ -->\n<title>1. adventna nedelja - Salve<\/title>\n<meta name=\"robots\" content=\"noindex, follow\" \/>\n<meta property=\"og:locale\" content=\"en_US\" \/>\n<meta property=\"og:type\" content=\"article\" \/>\n<meta property=\"og:title\" content=\"1. adventna nedelja - Salve\" \/>\n<meta property=\"og:description\" content=\"Gospod, ti si na\u0161 O\u010de, vsi smo delo tvojih rok \u017divimo v digitalnem svetu, v katerem bo umetna inteligenca postala na\u010din razmi\u0161ljanja in vodenja sodobne dru\u017ebe. Vse bo pod nadzorom in posameznik bo samo eden od zaznamkov znotraj vsemogo\u010dnega sistema. To, kar smo do sedaj pripisovali Bogu, ki smo ga spo\u0161tovali in sku\u0161ali \u017eiveti po...\" \/>\n<meta property=\"og:url\" content=\"https:\/\/www.salve.si\/en\/nedeljska-meditacija\/1-adventna-nedelja\/\" \/>\n<meta property=\"og:site_name\" content=\"Salve\" \/>\n<meta property=\"article:publisher\" content=\"https:\/\/www.facebook.com\/salve.si\" \/>\n<meta property=\"article:published_time\" content=\"2020-11-28T08:51:00+00:00\" \/>\n<meta property=\"article:modified_time\" content=\"2020-11-24T08:58:28+00:00\" \/>\n<meta property=\"og:image\" content=\"https:\/\/www.salve.si\/wp-content\/uploads\/2026\/01\/salve-og1.jpg\" \/>\n\t<meta property=\"og:image:width\" content=\"1200\" \/>\n\t<meta property=\"og:image:height\" content=\"630\" \/>\n\t<meta property=\"og:image:type\" content=\"image\/jpeg\" \/>\n<meta name=\"author\" content=\"Andrej Baliga\u010d\" \/>\n<meta name=\"twitter:card\" content=\"summary_large_image\" \/>\n<meta name=\"twitter:label1\" content=\"Written by\" \/>\n\t<meta name=\"twitter:data1\" content=\"Andrej Baliga\u010d\" \/>\n\t<meta name=\"twitter:label2\" content=\"Est. reading time\" \/>\n\t<meta name=\"twitter:data2\" content=\"2 minutes\" \/>\n<script type=\"application\/ld+json\" class=\"yoast-schema-graph\">{\"@context\":\"https:\/\/schema.org\",\"@graph\":[{\"@type\":\"Article\",\"@id\":\"https:\/\/www.salve.si\/nedeljska-meditacija\/1-adventna-nedelja\/#article\",\"isPartOf\":{\"@id\":\"https:\/\/www.salve.si\/nedeljska-meditacija\/1-adventna-nedelja\/\"},\"author\":{\"name\":\"Andrej Baliga\u010d\",\"@id\":\"https:\/\/www.salve.si\/#\/schema\/person\/61121950f92f07895dc7ea08dc78ba82\"},\"headline\":\"1. adventna nedelja\",\"datePublished\":\"2020-11-28T08:51:00+00:00\",\"dateModified\":\"2020-11-24T08:58:28+00:00\",\"mainEntityOfPage\":{\"@id\":\"https:\/\/www.salve.si\/nedeljska-meditacija\/1-adventna-nedelja\/\"},\"wordCount\":499,\"publisher\":{\"@id\":\"https:\/\/www.salve.si\/#organization\"},\"articleSection\":[\"Adventni \u010das\",\"Leto B\",\"Nedeljska meditacija\"],\"inLanguage\":\"en-US\"},{\"@type\":\"WebPage\",\"@id\":\"https:\/\/www.salve.si\/nedeljska-meditacija\/1-adventna-nedelja\/\",\"url\":\"https:\/\/www.salve.si\/nedeljska-meditacija\/1-adventna-nedelja\/\",\"name\":\"1. adventna nedelja - Salve\",\"isPartOf\":{\"@id\":\"https:\/\/www.salve.si\/#website\"},\"datePublished\":\"2020-11-28T08:51:00+00:00\",\"dateModified\":\"2020-11-24T08:58:28+00:00\",\"breadcrumb\":{\"@id\":\"https:\/\/www.salve.si\/nedeljska-meditacija\/1-adventna-nedelja\/#breadcrumb\"},\"inLanguage\":\"en-US\",\"potentialAction\":[{\"@type\":\"ReadAction\",\"target\":[\"https:\/\/www.salve.si\/nedeljska-meditacija\/1-adventna-nedelja\/\"]}]},{\"@type\":\"BreadcrumbList\",\"@id\":\"https:\/\/www.salve.si\/nedeljska-meditacija\/1-adventna-nedelja\/#breadcrumb\",\"itemListElement\":[{\"@type\":\"ListItem\",\"position\":1,\"name\":\"Home\",\"item\":\"https:\/\/www.salve.si\/\"},{\"@type\":\"ListItem\",\"position\":2,\"name\":\"1. adventna nedelja\"}]},{\"@type\":\"WebSite\",\"@id\":\"https:\/\/www.salve.si\/#website\",\"url\":\"https:\/\/www.salve.si\/\",\"name\":\"Salve\",\"description\":\"Salezijanska zalo\u017eba\",\"publisher\":{\"@id\":\"https:\/\/www.salve.si\/#organization\"},\"potentialAction\":[{\"@type\":\"SearchAction\",\"target\":{\"@type\":\"EntryPoint\",\"urlTemplate\":\"https:\/\/www.salve.si\/?s={search_term_string}\"},\"query-input\":{\"@type\":\"PropertyValueSpecification\",\"valueRequired\":true,\"valueName\":\"search_term_string\"}}],\"inLanguage\":\"en-US\"},{\"@type\":\"Organization\",\"@id\":\"https:\/\/www.salve.si\/#organization\",\"name\":\"Salve d.o.o.\",\"url\":\"https:\/\/www.salve.si\/\",\"logo\":{\"@type\":\"ImageObject\",\"inLanguage\":\"en-US\",\"@id\":\"https:\/\/www.salve.si\/#\/schema\/logo\/image\/\",\"url\":\"https:\/\/www.salve.si\/wp-content\/uploads\/2021\/01\/Salve_logo_modri_nov_web.png\",\"contentUrl\":\"https:\/\/www.salve.si\/wp-content\/uploads\/2021\/01\/Salve_logo_modri_nov_web.png\",\"width\":279,\"height\":90,\"caption\":\"Salve d.o.o.\"},\"image\":{\"@id\":\"https:\/\/www.salve.si\/#\/schema\/logo\/image\/\"},\"sameAs\":[\"https:\/\/www.facebook.com\/salve.si\",\"https:\/\/www.instagram.com\/zalozbasalve\/\",\"https:\/\/www.linkedin.com\/company\/zalozba-salve\/\"]},{\"@type\":\"Person\",\"@id\":\"https:\/\/www.salve.si\/#\/schema\/person\/61121950f92f07895dc7ea08dc78ba82\",\"name\":\"Andrej Baliga\u010d\",\"sameAs\":[\"https:\/\/www.salve.si\"]}]}<\/script>\n<!-- \/ Yoast SEO plugin. -->","yoast_head_json":{"title":"1. adventna nedelja - Salve","robots":{"index":"noindex","follow":"follow"},"og_locale":"en_US","og_type":"article","og_title":"1. adventna nedelja - Salve","og_description":"Gospod, ti si na\u0161 O\u010de, vsi smo delo tvojih rok \u017divimo v digitalnem svetu, v katerem bo umetna inteligenca postala na\u010din razmi\u0161ljanja in vodenja sodobne dru\u017ebe. Vse bo pod nadzorom in posameznik bo samo eden od zaznamkov znotraj vsemogo\u010dnega sistema. To, kar smo do sedaj pripisovali Bogu, ki smo ga spo\u0161tovali in sku\u0161ali \u017eiveti po...","og_url":"https:\/\/www.salve.si\/en\/nedeljska-meditacija\/1-adventna-nedelja\/","og_site_name":"Salve","article_publisher":"https:\/\/www.facebook.com\/salve.si","article_published_time":"2020-11-28T08:51:00+00:00","article_modified_time":"2020-11-24T08:58:28+00:00","og_image":[{"width":1200,"height":630,"url":"https:\/\/www.salve.si\/wp-content\/uploads\/2026\/01\/salve-og1.jpg","type":"image\/jpeg"}],"author":"Andrej Baliga\u010d","twitter_card":"summary_large_image","twitter_misc":{"Written by":"Andrej Baliga\u010d","Est. reading time":"2 minutes"},"schema":{"@context":"https:\/\/schema.org","@graph":[{"@type":"Article","@id":"https:\/\/www.salve.si\/nedeljska-meditacija\/1-adventna-nedelja\/#article","isPartOf":{"@id":"https:\/\/www.salve.si\/nedeljska-meditacija\/1-adventna-nedelja\/"},"author":{"name":"Andrej Baliga\u010d","@id":"https:\/\/www.salve.si\/#\/schema\/person\/61121950f92f07895dc7ea08dc78ba82"},"headline":"1. adventna nedelja","datePublished":"2020-11-28T08:51:00+00:00","dateModified":"2020-11-24T08:58:28+00:00","mainEntityOfPage":{"@id":"https:\/\/www.salve.si\/nedeljska-meditacija\/1-adventna-nedelja\/"},"wordCount":499,"publisher":{"@id":"https:\/\/www.salve.si\/#organization"},"articleSection":["Adventni \u010das","Leto B","Nedeljska meditacija"],"inLanguage":"en-US"},{"@type":"WebPage","@id":"https:\/\/www.salve.si\/nedeljska-meditacija\/1-adventna-nedelja\/","url":"https:\/\/www.salve.si\/nedeljska-meditacija\/1-adventna-nedelja\/","name":"1. adventna nedelja - Salve","isPartOf":{"@id":"https:\/\/www.salve.si\/#website"},"datePublished":"2020-11-28T08:51:00+00:00","dateModified":"2020-11-24T08:58:28+00:00","breadcrumb":{"@id":"https:\/\/www.salve.si\/nedeljska-meditacija\/1-adventna-nedelja\/#breadcrumb"},"inLanguage":"en-US","potentialAction":[{"@type":"ReadAction","target":["https:\/\/www.salve.si\/nedeljska-meditacija\/1-adventna-nedelja\/"]}]},{"@type":"BreadcrumbList","@id":"https:\/\/www.salve.si\/nedeljska-meditacija\/1-adventna-nedelja\/#breadcrumb","itemListElement":[{"@type":"ListItem","position":1,"name":"Home","item":"https:\/\/www.salve.si\/"},{"@type":"ListItem","position":2,"name":"1. adventna nedelja"}]},{"@type":"WebSite","@id":"https:\/\/www.salve.si\/#website","url":"https:\/\/www.salve.si\/","name":"Salve","description":"Salezijanska zalo\u017eba","publisher":{"@id":"https:\/\/www.salve.si\/#organization"},"potentialAction":[{"@type":"SearchAction","target":{"@type":"EntryPoint","urlTemplate":"https:\/\/www.salve.si\/?s={search_term_string}"},"query-input":{"@type":"PropertyValueSpecification","valueRequired":true,"valueName":"search_term_string"}}],"inLanguage":"en-US"},{"@type":"Organization","@id":"https:\/\/www.salve.si\/#organization","name":"Salve d.o.o.","url":"https:\/\/www.salve.si\/","logo":{"@type":"ImageObject","inLanguage":"en-US","@id":"https:\/\/www.salve.si\/#\/schema\/logo\/image\/","url":"https:\/\/www.salve.si\/wp-content\/uploads\/2021\/01\/Salve_logo_modri_nov_web.png","contentUrl":"https:\/\/www.salve.si\/wp-content\/uploads\/2021\/01\/Salve_logo_modri_nov_web.png","width":279,"height":90,"caption":"Salve d.o.o."},"image":{"@id":"https:\/\/www.salve.si\/#\/schema\/logo\/image\/"},"sameAs":["https:\/\/www.facebook.com\/salve.si","https:\/\/www.instagram.com\/zalozbasalve\/","https:\/\/www.linkedin.com\/company\/zalozba-salve\/"]},{"@type":"Person","@id":"https:\/\/www.salve.si\/#\/schema\/person\/61121950f92f07895dc7ea08dc78ba82","name":"Andrej Baliga\u010d","sameAs":["https:\/\/www.salve.si"]}]}},"_links":{"self":[{"href":"https:\/\/www.salve.si\/en\/wp-json\/wp\/v2\/posts\/13054","targetHints":{"allow":["GET"]}}],"collection":[{"href":"https:\/\/www.salve.si\/en\/wp-json\/wp\/v2\/posts"}],"about":[{"href":"https:\/\/www.salve.si\/en\/wp-json\/wp\/v2\/types\/post"}],"author":[{"embeddable":true,"href":"https:\/\/www.salve.si\/en\/wp-json\/wp\/v2\/users\/1561"}],"replies":[{"embeddable":true,"href":"https:\/\/www.salve.si\/en\/wp-json\/wp\/v2\/comments?post=13054"}],"version-history":[{"count":5,"href":"https:\/\/www.salve.si\/en\/wp-json\/wp\/v2\/posts\/13054\/revisions"}],"predecessor-version":[{"id":13059,"href":"https:\/\/www.salve.si\/en\/wp-json\/wp\/v2\/posts\/13054\/revisions\/13059"}],"wp:attachment":[{"href":"https:\/\/www.salve.si\/en\/wp-json\/wp\/v2\/media?parent=13054"}],"wp:term":[{"taxonomy":"category","embeddable":true,"href":"https:\/\/www.salve.si\/en\/wp-json\/wp\/v2\/categories?post=13054"},{"taxonomy":"post_tag","embeddable":true,"href":"https:\/\/www.salve.si\/en\/wp-json\/wp\/v2\/tags?post=13054"}],"curies":[{"name":"wp","href":"https:\/\/api.w.org\/{rel}","templated":true}]}}