{"id":11744,"date":"2020-08-08T05:00:00","date_gmt":"2020-08-08T03:00:00","guid":{"rendered":"https:\/\/www.salve.si\/?p=11744"},"modified":"2020-06-20T05:44:45","modified_gmt":"2020-06-20T03:44:45","slug":"19-nedelja-med-letom","status":"publish","type":"post","link":"https:\/\/www.salve.si\/en\/nedeljska-meditacija\/19-nedelja-med-letom\/","title":{"rendered":"19. nedelja med letom"},"content":{"rendered":"<p><strong>19.\nnedelja med letom \u2013 A \u2013 uvodnik 2020<\/strong><\/p><p><strong>Ko\nje mno\u017eice odpusti, je \u0161el na goro, da bi na samem molil<\/strong><\/p><p>Po \u010dude\u017eu pomno\u017eitve\nkruha in rib Jezus razpusti mno\u017eico, u\u010dencem naro\u010di, naj se odpeljejo na drugo\nstran, sam pa se umakne na goro, da bi na samem molil. Tako ni naredil prvi\u010d,\nsaj se je pogostokrat zve\u010der umaknil, da bi bil na samem. Zakaj, saj je vendar\nBog? Jezus je hkrati tudi \u010dlovek in ho\u010de biti popoln \u010dlovek, ne le tisti, ki se\nukvarjamo samo s pridobivanjem in kopi\u010denjem \u010dim ve\u010djega materialnega bogastva\nin u\u017eitkov, temve\u010d \u010dlovek, ki se zaveda, da je bil ustvarjen po Bo\u017eji podobi in\nzato ne pozabi na tistega, od katerega prihaja in h kateremu se bo ob koncu\nsvojega zemeljskega \u017eivljenja tudi vrnil. <\/p><p>Jezus rabi na koncu dneva\nsamoto, mora iti stran od ljudi, ki so ga \u010dez dan precej izmu\u010dili in zato mora\nporabljeno energijo nadomestiti z novim polnjenjem. To se zgodi v samoti, na\ngori, ki simboli\u010dno predstavlja Bo\u017ejo bli\u017eino. Jezus ne i\u0161\u010de samote le zaradi po\u010ditka,\nkajti&nbsp; njegova osamitev je vedno aktivna,\ndialo\u0161ka, pogovor s tistim, ki je ve\u010dji od nas in po\u010delo na\u0161ega \u017eivljenja.\nJezus na gori moli in se zahvaljuje. Ali smemo po \u010dude\u017eu pomno\u017eitve kruha in\nrib pri\u010dakovati kaj drugega kot slavljenje tistega, po katerem se je \u010dude\u017e zgodil?<\/p><p>Jezus je zares Bog in\nhkrati popoln \u010dlovek. Ho\u010de \u017eiveti celostno, ne zanemarja ni\u010desar in o vseh\nsvojih odlo\u010ditvah se pogovarja z O\u010detom. Z njim je eno, kajti samo na tak na\u010din\nbo njegovo delo zares v prid vsemu \u010dlove\u0161tvu, \u0161e prav posebej bo koristno za\ntiste, ki jih svet prezira in zavra\u010da. Apostoli so se trudili, da bi Jezusa\nposnemali, a so bili pogostokrat neuspe\u0161ni. Jezusa so ve\u010dkrat spra\u0161evali: \u00bbTrudili\nsmo se, govorili smo v tvojem imenu, a nam ni uspelo izgnati hudobnih duhov?\u00ab Jezus\nje bil vrhunski psiholog, zato je dobro poznal, kaj se skriva v \u010dloveku. Svojim\nu\u010dencem je dal odgovor, ki je bil sad \u0161tevilnih izku\u0161enj in razmi\u0161ljanj. Rekel\njim je, da ta rod mogo\u010de re\u0161iti samo z molitvijo in mo\u010dno vero. To so apostoli\nizkusili zve\u010der po pomno\u017eitvi kruha in rib. Jezus je pri\u0161el pono\u010di po vodi k\n\u010dolnu, oni pa so se prestra\u0161ili. Ko jih je pomiril, je Peter rekel: \u00bbGospod, \u010de\nsi ti, mi uka\u017ei, da pridem po vodi k tebi.\u00ab Jezus mu je dejal: \u00bbPridi!\u00ab Ko je\nPeter videl, da je veter mo\u010dan, se je zbal, za\u010del se je potapljati in je\nzavpil: \u00bbGospod, re\u0161i me!\u00ab Jezus je iztegnil roko, ga prijel in dejal:\n\u00bbMaloverne\u017e, zakaj si podvomil?\u00ab Brez vere smo res izgubljeni in nismo sposobni\nvideti, kako Bog \u010dude\u017eno posega v na\u0161e \u017eivljenje.<\/p><p><strong>\u017dupnik Branko Bala\u017eic, SDB<\/strong><\/p><span class=\"slv-content-keywords\"> Nedeljska meditacija <\/span>","protected":false},"excerpt":{"rendered":"<p>19. nedelja med letom \u2013 A \u2013 uvodnik 2020 Ko je mno\u017eice odpusti, je \u0161el na goro, da bi na samem molil Po \u010dude\u017eu pomno\u017eitve kruha in rib Jezus razpusti mno\u017eico, u\u010dencem naro\u010di, naj se odpeljejo na drugo stran, sam pa se umakne na goro, da bi na samem molil. Tako ni naredil prvi\u010d, saj<a href=\"https:\/\/www.salve.si\/en\/nedeljska-meditacija\/19-nedelja-med-letom\/\">&#8230;<\/a><\/p>","protected":false},"author":1561,"featured_media":0,"comment_status":"closed","ping_status":"open","sticky":false,"template":"","format":"standard","meta":{"_acf_changed":false,"footnotes":""},"categories":[925],"tags":[],"class_list":["post-11744","post","type-post","status-publish","format-standard","hentry","category-nedeljska-meditacija"],"acf":[],"yoast_head":"<!-- This site is optimized with the Yoast SEO plugin v23.8 - https:\/\/yoast.com\/wordpress\/plugins\/seo\/ -->\n<title>19. nedelja med letom - Salve<\/title>\n<meta name=\"robots\" content=\"noindex, follow\" \/>\n<meta property=\"og:locale\" content=\"en_US\" \/>\n<meta property=\"og:type\" content=\"article\" \/>\n<meta property=\"og:title\" content=\"19. nedelja med letom - Salve\" \/>\n<meta property=\"og:description\" content=\"19. nedelja med letom \u2013 A \u2013 uvodnik 2020 Ko je mno\u017eice odpusti, je \u0161el na goro, da bi na samem molil Po \u010dude\u017eu pomno\u017eitve kruha in rib Jezus razpusti mno\u017eico, u\u010dencem naro\u010di, naj se odpeljejo na drugo stran, sam pa se umakne na goro, da bi na samem molil. Tako ni naredil prvi\u010d, saj...\" \/>\n<meta property=\"og:url\" content=\"https:\/\/www.salve.si\/en\/nedeljska-meditacija\/19-nedelja-med-letom\/\" \/>\n<meta property=\"og:site_name\" content=\"Salve\" \/>\n<meta property=\"article:publisher\" content=\"https:\/\/www.facebook.com\/salve.si\" \/>\n<meta property=\"article:published_time\" content=\"2020-08-08T03:00:00+00:00\" \/>\n<meta property=\"article:modified_time\" content=\"2020-06-20T03:44:45+00:00\" \/>\n<meta property=\"og:image\" content=\"https:\/\/www.salve.si\/wp-content\/uploads\/2026\/01\/salve-og1.jpg\" \/>\n\t<meta property=\"og:image:width\" content=\"1200\" \/>\n\t<meta property=\"og:image:height\" content=\"630\" \/>\n\t<meta property=\"og:image:type\" content=\"image\/jpeg\" \/>\n<meta name=\"author\" content=\"Andrej Baliga\u010d\" \/>\n<meta name=\"twitter:card\" content=\"summary_large_image\" \/>\n<meta name=\"twitter:label1\" content=\"Written by\" \/>\n\t<meta name=\"twitter:data1\" content=\"Andrej Baliga\u010d\" \/>\n\t<meta name=\"twitter:label2\" content=\"Est. reading time\" \/>\n\t<meta name=\"twitter:data2\" content=\"3 minutes\" \/>\n<script type=\"application\/ld+json\" class=\"yoast-schema-graph\">{\"@context\":\"https:\/\/schema.org\",\"@graph\":[{\"@type\":\"Article\",\"@id\":\"https:\/\/www.salve.si\/nedeljska-meditacija\/19-nedelja-med-letom\/#article\",\"isPartOf\":{\"@id\":\"https:\/\/www.salve.si\/nedeljska-meditacija\/19-nedelja-med-letom\/\"},\"author\":{\"name\":\"Andrej Baliga\u010d\",\"@id\":\"https:\/\/www.salve.si\/#\/schema\/person\/61121950f92f07895dc7ea08dc78ba82\"},\"headline\":\"19. nedelja med letom\",\"datePublished\":\"2020-08-08T03:00:00+00:00\",\"dateModified\":\"2020-06-20T03:44:45+00:00\",\"mainEntityOfPage\":{\"@id\":\"https:\/\/www.salve.si\/nedeljska-meditacija\/19-nedelja-med-letom\/\"},\"wordCount\":503,\"publisher\":{\"@id\":\"https:\/\/www.salve.si\/#organization\"},\"articleSection\":[\"Nedeljska meditacija\"],\"inLanguage\":\"en-US\"},{\"@type\":\"WebPage\",\"@id\":\"https:\/\/www.salve.si\/nedeljska-meditacija\/19-nedelja-med-letom\/\",\"url\":\"https:\/\/www.salve.si\/nedeljska-meditacija\/19-nedelja-med-letom\/\",\"name\":\"19. nedelja med letom - Salve\",\"isPartOf\":{\"@id\":\"https:\/\/www.salve.si\/#website\"},\"datePublished\":\"2020-08-08T03:00:00+00:00\",\"dateModified\":\"2020-06-20T03:44:45+00:00\",\"breadcrumb\":{\"@id\":\"https:\/\/www.salve.si\/nedeljska-meditacija\/19-nedelja-med-letom\/#breadcrumb\"},\"inLanguage\":\"en-US\",\"potentialAction\":[{\"@type\":\"ReadAction\",\"target\":[\"https:\/\/www.salve.si\/nedeljska-meditacija\/19-nedelja-med-letom\/\"]}]},{\"@type\":\"BreadcrumbList\",\"@id\":\"https:\/\/www.salve.si\/nedeljska-meditacija\/19-nedelja-med-letom\/#breadcrumb\",\"itemListElement\":[{\"@type\":\"ListItem\",\"position\":1,\"name\":\"Home\",\"item\":\"https:\/\/www.salve.si\/\"},{\"@type\":\"ListItem\",\"position\":2,\"name\":\"19. nedelja med letom\"}]},{\"@type\":\"WebSite\",\"@id\":\"https:\/\/www.salve.si\/#website\",\"url\":\"https:\/\/www.salve.si\/\",\"name\":\"Salve\",\"description\":\"Salezijanska zalo\u017eba\",\"publisher\":{\"@id\":\"https:\/\/www.salve.si\/#organization\"},\"potentialAction\":[{\"@type\":\"SearchAction\",\"target\":{\"@type\":\"EntryPoint\",\"urlTemplate\":\"https:\/\/www.salve.si\/?s={search_term_string}\"},\"query-input\":{\"@type\":\"PropertyValueSpecification\",\"valueRequired\":true,\"valueName\":\"search_term_string\"}}],\"inLanguage\":\"en-US\"},{\"@type\":\"Organization\",\"@id\":\"https:\/\/www.salve.si\/#organization\",\"name\":\"Salve d.o.o.\",\"url\":\"https:\/\/www.salve.si\/\",\"logo\":{\"@type\":\"ImageObject\",\"inLanguage\":\"en-US\",\"@id\":\"https:\/\/www.salve.si\/#\/schema\/logo\/image\/\",\"url\":\"https:\/\/www.salve.si\/wp-content\/uploads\/2021\/01\/Salve_logo_modri_nov_web.png\",\"contentUrl\":\"https:\/\/www.salve.si\/wp-content\/uploads\/2021\/01\/Salve_logo_modri_nov_web.png\",\"width\":279,\"height\":90,\"caption\":\"Salve d.o.o.\"},\"image\":{\"@id\":\"https:\/\/www.salve.si\/#\/schema\/logo\/image\/\"},\"sameAs\":[\"https:\/\/www.facebook.com\/salve.si\",\"https:\/\/www.instagram.com\/zalozbasalve\/\",\"https:\/\/www.linkedin.com\/company\/zalozba-salve\/\"]},{\"@type\":\"Person\",\"@id\":\"https:\/\/www.salve.si\/#\/schema\/person\/61121950f92f07895dc7ea08dc78ba82\",\"name\":\"Andrej Baliga\u010d\",\"sameAs\":[\"https:\/\/www.salve.si\"]}]}<\/script>\n<!-- \/ Yoast SEO plugin. -->","yoast_head_json":{"title":"19. nedelja med letom - Salve","robots":{"index":"noindex","follow":"follow"},"og_locale":"en_US","og_type":"article","og_title":"19. nedelja med letom - Salve","og_description":"19. nedelja med letom \u2013 A \u2013 uvodnik 2020 Ko je mno\u017eice odpusti, je \u0161el na goro, da bi na samem molil Po \u010dude\u017eu pomno\u017eitve kruha in rib Jezus razpusti mno\u017eico, u\u010dencem naro\u010di, naj se odpeljejo na drugo stran, sam pa se umakne na goro, da bi na samem molil. Tako ni naredil prvi\u010d, saj...","og_url":"https:\/\/www.salve.si\/en\/nedeljska-meditacija\/19-nedelja-med-letom\/","og_site_name":"Salve","article_publisher":"https:\/\/www.facebook.com\/salve.si","article_published_time":"2020-08-08T03:00:00+00:00","article_modified_time":"2020-06-20T03:44:45+00:00","og_image":[{"width":1200,"height":630,"url":"https:\/\/www.salve.si\/wp-content\/uploads\/2026\/01\/salve-og1.jpg","type":"image\/jpeg"}],"author":"Andrej Baliga\u010d","twitter_card":"summary_large_image","twitter_misc":{"Written by":"Andrej Baliga\u010d","Est. reading time":"3 minutes"},"schema":{"@context":"https:\/\/schema.org","@graph":[{"@type":"Article","@id":"https:\/\/www.salve.si\/nedeljska-meditacija\/19-nedelja-med-letom\/#article","isPartOf":{"@id":"https:\/\/www.salve.si\/nedeljska-meditacija\/19-nedelja-med-letom\/"},"author":{"name":"Andrej Baliga\u010d","@id":"https:\/\/www.salve.si\/#\/schema\/person\/61121950f92f07895dc7ea08dc78ba82"},"headline":"19. nedelja med letom","datePublished":"2020-08-08T03:00:00+00:00","dateModified":"2020-06-20T03:44:45+00:00","mainEntityOfPage":{"@id":"https:\/\/www.salve.si\/nedeljska-meditacija\/19-nedelja-med-letom\/"},"wordCount":503,"publisher":{"@id":"https:\/\/www.salve.si\/#organization"},"articleSection":["Nedeljska meditacija"],"inLanguage":"en-US"},{"@type":"WebPage","@id":"https:\/\/www.salve.si\/nedeljska-meditacija\/19-nedelja-med-letom\/","url":"https:\/\/www.salve.si\/nedeljska-meditacija\/19-nedelja-med-letom\/","name":"19. nedelja med letom - Salve","isPartOf":{"@id":"https:\/\/www.salve.si\/#website"},"datePublished":"2020-08-08T03:00:00+00:00","dateModified":"2020-06-20T03:44:45+00:00","breadcrumb":{"@id":"https:\/\/www.salve.si\/nedeljska-meditacija\/19-nedelja-med-letom\/#breadcrumb"},"inLanguage":"en-US","potentialAction":[{"@type":"ReadAction","target":["https:\/\/www.salve.si\/nedeljska-meditacija\/19-nedelja-med-letom\/"]}]},{"@type":"BreadcrumbList","@id":"https:\/\/www.salve.si\/nedeljska-meditacija\/19-nedelja-med-letom\/#breadcrumb","itemListElement":[{"@type":"ListItem","position":1,"name":"Home","item":"https:\/\/www.salve.si\/"},{"@type":"ListItem","position":2,"name":"19. nedelja med letom"}]},{"@type":"WebSite","@id":"https:\/\/www.salve.si\/#website","url":"https:\/\/www.salve.si\/","name":"Salve","description":"Salezijanska zalo\u017eba","publisher":{"@id":"https:\/\/www.salve.si\/#organization"},"potentialAction":[{"@type":"SearchAction","target":{"@type":"EntryPoint","urlTemplate":"https:\/\/www.salve.si\/?s={search_term_string}"},"query-input":{"@type":"PropertyValueSpecification","valueRequired":true,"valueName":"search_term_string"}}],"inLanguage":"en-US"},{"@type":"Organization","@id":"https:\/\/www.salve.si\/#organization","name":"Salve d.o.o.","url":"https:\/\/www.salve.si\/","logo":{"@type":"ImageObject","inLanguage":"en-US","@id":"https:\/\/www.salve.si\/#\/schema\/logo\/image\/","url":"https:\/\/www.salve.si\/wp-content\/uploads\/2021\/01\/Salve_logo_modri_nov_web.png","contentUrl":"https:\/\/www.salve.si\/wp-content\/uploads\/2021\/01\/Salve_logo_modri_nov_web.png","width":279,"height":90,"caption":"Salve d.o.o."},"image":{"@id":"https:\/\/www.salve.si\/#\/schema\/logo\/image\/"},"sameAs":["https:\/\/www.facebook.com\/salve.si","https:\/\/www.instagram.com\/zalozbasalve\/","https:\/\/www.linkedin.com\/company\/zalozba-salve\/"]},{"@type":"Person","@id":"https:\/\/www.salve.si\/#\/schema\/person\/61121950f92f07895dc7ea08dc78ba82","name":"Andrej Baliga\u010d","sameAs":["https:\/\/www.salve.si"]}]}},"_links":{"self":[{"href":"https:\/\/www.salve.si\/en\/wp-json\/wp\/v2\/posts\/11744","targetHints":{"allow":["GET"]}}],"collection":[{"href":"https:\/\/www.salve.si\/en\/wp-json\/wp\/v2\/posts"}],"about":[{"href":"https:\/\/www.salve.si\/en\/wp-json\/wp\/v2\/types\/post"}],"author":[{"embeddable":true,"href":"https:\/\/www.salve.si\/en\/wp-json\/wp\/v2\/users\/1561"}],"replies":[{"embeddable":true,"href":"https:\/\/www.salve.si\/en\/wp-json\/wp\/v2\/comments?post=11744"}],"version-history":[{"count":2,"href":"https:\/\/www.salve.si\/en\/wp-json\/wp\/v2\/posts\/11744\/revisions"}],"predecessor-version":[{"id":11746,"href":"https:\/\/www.salve.si\/en\/wp-json\/wp\/v2\/posts\/11744\/revisions\/11746"}],"wp:attachment":[{"href":"https:\/\/www.salve.si\/en\/wp-json\/wp\/v2\/media?parent=11744"}],"wp:term":[{"taxonomy":"category","embeddable":true,"href":"https:\/\/www.salve.si\/en\/wp-json\/wp\/v2\/categories?post=11744"},{"taxonomy":"post_tag","embeddable":true,"href":"https:\/\/www.salve.si\/en\/wp-json\/wp\/v2\/tags?post=11744"}],"curies":[{"name":"wp","href":"https:\/\/api.w.org\/{rel}","templated":true}]}}